{"id":7076,"date":"2019-05-07T10:07:03","date_gmt":"2019-05-07T08:07:03","guid":{"rendered":"http:\/\/www.checkstar-techblog.it\/?p=7076"},"modified":"2019-05-07T10:07:03","modified_gmt":"2019-05-07T08:07:03","slug":"opel-corsa-d","status":"publish","type":"post","link":"https:\/\/www.checkstar-techblog.it\/es\/opel-corsa-d\/","title":{"rendered":"Opel Corsa D"},"content":{"rendered":"<p>Buenos d\u00edas a todos,<\/p>\n<p>Hoy presentamos el caso denunciado por su colega del taller F.lli Bertolla de Carrara:<\/p>\n<p>Opel Corsa D, 1.2 GLP a partir de 2013 con errores en la unidad de control del ABS:<\/p>\n<ul>\n<li>C0244 M\u00f3dulo de control ABS - datos no v\u00e1lidos recibidos de la unidad de control del motor;<\/li>\n<li>C0242 Solicitud de par del motor - fallo de rango\/rendimiento.<\/li>\n<\/ul>\n<p><img loading=\"lazy\" decoding=\"async\" class=\"size-medium wp-image-7088 aligncenter\" src=\"http:\/\/www.checkstar-techblog.it\/wp-content\/uploads\/2019\/05\/COAS11_E01_742_SIZE4-300x152.jpg\" alt=\"\" width=\"300\" height=\"152\" srcset=\"https:\/\/www.checkstar-techblog.it\/wp-content\/uploads\/2019\/05\/COAS11_E01_742_SIZE4-300x152.jpg 300w, https:\/\/www.checkstar-techblog.it\/wp-content\/uploads\/2019\/05\/COAS11_E01_742_SIZE4.jpg 314w\" sizes=\"(max-width: 300px) 100vw, 300px\" \/><\/p>\n<p>El coche tambi\u00e9n tiene un ralent\u00ed bastante alto cuando el motor est\u00e1 caliente, pero no hay errores en la unidad de control del motor.<\/p>\n<p>Por la descripci\u00f3n de los errores, inicialmente parece tratarse de un problema de comunicaci\u00f3n o de la red CAN, tambi\u00e9n por la ausencia de errores en el ECM, pero al comprobarlo no surge ninguna anomal\u00eda.<\/p>\n<p>Al comprobar la toma de aire de admisi\u00f3n, se descubri\u00f3 que faltaba un tornillo del colector de admisi\u00f3n en la tapa del taqu\u00e9: cuando el motor estaba caliente, \u00e9ste se dilataba y permit\u00eda as\u00ed la entrada de aire.<\/p>\n<p>Una vez colocado de nuevo el tornillo y apretado el colector al par, el ralent\u00ed volvi\u00f3 a la normalidad y los errores del ABS tambi\u00e9n cambiaron de Activo a Memorizado. Tambi\u00e9n se realiz\u00f3 una contraprueba haciendo pasar aire por los conductos de vapor de aceite y la anomal\u00eda fue id\u00e9ntica a los errores del ABS.<\/p>\n<p>En nombre del equipo del Servicio de Asistencia T\u00e9cnica, le agradecemos su informe y le deseamos un buen trabajo.<\/p>\n<p><img loading=\"lazy\" decoding=\"async\" class=\"wp-image-6936 aligncenter\" src=\"http:\/\/www.checkstar-techblog.it\/wp-content\/uploads\/2019\/04\/firma-300x72.jpg\" alt=\"\" width=\"400\" height=\"96\" \/><\/p>","protected":false},"excerpt":{"rendered":"<p>Buenos d\u00edas a todos, hoy os presentamos el caso denunciado por vuestro compa\u00f1ero del taller F.lli Bertolla de Carrara: Opel Corsa D, 1.2 [...].<\/p>","protected":false},"author":2086,"featured_media":0,"comment_status":"open","ping_status":"open","sticky":false,"template":"","format":"standard","meta":{"footnotes":""},"categories":[2],"tags":[67,66],"acf":[],"featured_image_urls":{},"appp_media":null,"views":2022,"_links":{"self":[{"href":"https:\/\/www.checkstar-techblog.it\/es\/wp-json\/wp\/v2\/posts\/7076"}],"collection":[{"href":"https:\/\/www.checkstar-techblog.it\/es\/wp-json\/wp\/v2\/posts"}],"about":[{"href":"https:\/\/www.checkstar-techblog.it\/es\/wp-json\/wp\/v2\/types\/post"}],"author":[{"embeddable":true,"href":"https:\/\/www.checkstar-techblog.it\/es\/wp-json\/wp\/v2\/users\/2086"}],"replies":[{"embeddable":true,"href":"https:\/\/www.checkstar-techblog.it\/es\/wp-json\/wp\/v2\/comments?post=7076"}],"version-history":[{"count":0,"href":"https:\/\/www.checkstar-techblog.it\/es\/wp-json\/wp\/v2\/posts\/7076\/revisions"}],"wp:attachment":[{"href":"https:\/\/www.checkstar-techblog.it\/es\/wp-json\/wp\/v2\/media?parent=7076"}],"wp:term":[{"taxonomy":"category","embeddable":true,"href":"https:\/\/www.checkstar-techblog.it\/es\/wp-json\/wp\/v2\/categories?post=7076"},{"taxonomy":"post_tag","embeddable":true,"href":"https:\/\/www.checkstar-techblog.it\/es\/wp-json\/wp\/v2\/tags?post=7076"}],"curies":[{"name":"wp","href":"https:\/\/api.w.org\/{rel}","templated":true}]}}