{"id":6518,"date":"2019-01-22T15:44:34","date_gmt":"2019-01-22T14:44:34","guid":{"rendered":"http:\/\/www.checkstar-techblog.it\/?p=6518"},"modified":"2019-01-22T15:46:10","modified_gmt":"2019-01-22T14:46:10","slug":"inauguracion-nuevo-almacen-mm-de-pero","status":"publish","type":"post","link":"https:\/\/www.checkstar-techblog.it\/es\/inauguracion-nuevo-almacen-mm-de-pero\/","title":{"rendered":"Inauguraci\u00f3n del nuevo almac\u00e9n de MM en Pero"},"content":{"rendered":"<p>Magneti Marelli Aftermarket inaugur\u00f3 su nuevo almac\u00e9n en Pero situado en 24 Via Gabriele D'Annunzio el s\u00e1bado 19 de enero de 2019. [...]<\/p>\n<div>La cerimonia di apertura, con la partecipazione di importanti clienti ricambisti e giornalisti del settore, si \u00e8 svolta all\u2019UNA Hotel e si \u00e8 conclusa con la visita al magazzino dove l\u2019azienda ha previsto uno spettacolo di intrattenimento unico nel suo genere.<\/div>\n<div><\/div>\n<div><\/div>\n<div>Durante la prima parte della giornata Andrea Anfossi Direttore commerciale Sud Europa, insieme a Pietro Gastaldi Responsabile Vendite Italia e Alessandro Croci Responsabile Supply Chain Europa hanno sottolineato le numerose iniziative e gli investimenti realizzati negli ultimi anni per incrementare vicinanza e prossimit\u00e0 sul territorio e soddisfare sempre al meglio le richieste dei clienti, con importanti indicazioni su progetti futuri e nuove aperture.<\/div>\n<div><\/div>\n<div><img loading=\"lazy\" decoding=\"async\" class=\"wp-image-6523 aligncenter\" src=\"http:\/\/www.checkstar-techblog.it\/wp-content\/uploads\/2019\/01\/pero2.png\" alt=\"\" width=\"569\" height=\"379\" srcset=\"https:\/\/www.checkstar-techblog.it\/wp-content\/uploads\/2019\/01\/pero2.png 677w, https:\/\/www.checkstar-techblog.it\/wp-content\/uploads\/2019\/01\/pero2-300x200.png 300w, https:\/\/www.checkstar-techblog.it\/wp-content\/uploads\/2019\/01\/pero2-332x220.png 332w\" sizes=\"(max-width: 569px) 100vw, 569px\" \/><\/div>\n<div><\/div>\n<div><\/div>\n<div>\n<div>Durante la visita al magazzino di Pero, una struttura di oltre 2.000 m\u00b2\u00a0che rifornir\u00e0 pi\u00f9 di 100 clienti al giorno e che integra i ricambi con il magazzino centrale di San Pietro Mosezzo, i clienti hanno potuto assistere a uno spettacolo di freestyle con le bike.<\/div>\n<div><\/div>\n<div><\/div>\n<\/div>\n<div><img loading=\"lazy\" decoding=\"async\" class=\"wp-image-6524 aligncenter\" src=\"http:\/\/www.checkstar-techblog.it\/wp-content\/uploads\/2019\/01\/pero3.png\" alt=\"\" width=\"470\" height=\"313\" srcset=\"https:\/\/www.checkstar-techblog.it\/wp-content\/uploads\/2019\/01\/pero3.png 499w, https:\/\/www.checkstar-techblog.it\/wp-content\/uploads\/2019\/01\/pero3-300x200.png 300w, https:\/\/www.checkstar-techblog.it\/wp-content\/uploads\/2019\/01\/pero3-332x220.png 332w\" sizes=\"(max-width: 470px) 100vw, 470px\" \/><\/div>\n<div><\/div>\n<div><\/div>\n<div>In questa occasione speciale l\u2019azienda ha invitato quattro atleti professionisti di Mountain Bike, due dei quali partecipano all\u2019FMB World Tour, il campionato del Mondo di Freeride, dove l\u2019Italia \u00e8 riuscita grazie a questi ragazzi ad ottenere un posto di merito nella classifica mondiale.<\/div>\n<div>\n<div><\/div>\n<div>I nostri ospiti hanno cos\u00ec potuto assistere ad evoluzioni acrobatiche di altissimo livello e con riconosciuti atleti mondiali che l\u2019azienda ha ricercato per affinit\u00e0 con il suo brand, valorizzando Talento, Italianit\u00e0 e Passione!<\/div>\n<\/div>\n<div><\/div>\n<div><\/div>","protected":false},"excerpt":{"rendered":"<p>Magneti Marelli Aftermarket inaugur\u00f3 su nuevo almac\u00e9n en Pero situado en 24 Via Gabriele D'Annunzio el s\u00e1bado 19 de enero de 2019. [...]<\/p>","protected":false},"author":49,"featured_media":0,"comment_status":"open","ping_status":"open","sticky":false,"template":"","format":"standard","meta":{"footnotes":""},"categories":[3],"tags":[],"acf":[],"featured_image_urls":{},"appp_media":null,"views":1252,"_links":{"self":[{"href":"https:\/\/www.checkstar-techblog.it\/es\/wp-json\/wp\/v2\/posts\/6518"}],"collection":[{"href":"https:\/\/www.checkstar-techblog.it\/es\/wp-json\/wp\/v2\/posts"}],"about":[{"href":"https:\/\/www.checkstar-techblog.it\/es\/wp-json\/wp\/v2\/types\/post"}],"author":[{"embeddable":true,"href":"https:\/\/www.checkstar-techblog.it\/es\/wp-json\/wp\/v2\/users\/49"}],"replies":[{"embeddable":true,"href":"https:\/\/www.checkstar-techblog.it\/es\/wp-json\/wp\/v2\/comments?post=6518"}],"version-history":[{"count":0,"href":"https:\/\/www.checkstar-techblog.it\/es\/wp-json\/wp\/v2\/posts\/6518\/revisions"}],"wp:attachment":[{"href":"https:\/\/www.checkstar-techblog.it\/es\/wp-json\/wp\/v2\/media?parent=6518"}],"wp:term":[{"taxonomy":"category","embeddable":true,"href":"https:\/\/www.checkstar-techblog.it\/es\/wp-json\/wp\/v2\/categories?post=6518"},{"taxonomy":"post_tag","embeddable":true,"href":"https:\/\/www.checkstar-techblog.it\/es\/wp-json\/wp\/v2\/tags?post=6518"}],"curies":[{"name":"wp","href":"https:\/\/api.w.org\/{rel}","templated":true}]}}