{"id":21297,"date":"2025-09-25T10:10:12","date_gmt":"2025-09-25T08:10:12","guid":{"rendered":"https:\/\/www.checkstar-techblog.it\/opel-combo-van-d-x12-2016-mancato-avviamento\/"},"modified":"2025-09-25T10:22:58","modified_gmt":"2025-09-25T08:22:58","slug":"opel-combo-van-d-x12-2016-mancato-avviamento","status":"publish","type":"post","link":"https:\/\/www.checkstar-techblog.it\/es\/opel-combo-van-d-x12-2016-mancato-avviamento\/","title":{"rendered":"2016 OPEL Combo Van 1.6 CDTI - No arranca"},"content":{"rendered":"<p>Hola,<br \/>\nEn este Opel Combo no tenemos motor de arranque.<br \/>\nLa pantalla no muestra FPS, bloqueo de teclas activado y ESP activado.<br \/>\nErrores en el ordenador de la carrocer\u00eda (U1701 int.comunicaci\u00f3n con la unidad de control del motor)<br \/>\nU0426 Inmovilizador no programado.<br \/>\nEn el cuadro de instrumentos U1701 Comunicaci\u00f3n interrumpida con la unidad de control del motor.<br \/>\nEn el diagn\u00f3stico, no vemos la unidad de control del motor, como si no estuviera all\u00ed, de hecho no tenemos alimentaci\u00f3n en el conector.<br \/>\nComprobamos todos los fusibles, que est\u00e1n sanos, parece que no hay alimentaci\u00f3n a los fusibles de protecci\u00f3n situados en el compartimento del motor.<br \/>\nPodr\u00eda ser el cuerpo no se comunica c<br \/>\n\u00bfM\u00e1s con la unidad de control del motor?<\/p>\n<table class=\"table table-sm loggedtarga\">\n<tbody>\n<tr>\n<th scope=\"row\">Matr\u00edcula<\/th>\n<td>- FG725DL -<\/td>\n<\/tr>\n<tr>\n<th scope=\"row\">Marca<\/th>\n<td>- OPEL -<\/td>\n<\/tr>\n<tr>\n<th scope=\"row\">Modelo<\/th>\n<td>- Furgoneta Combo (D X12) -<\/td>\n<\/tr>\n<tr>\n<th scope=\"row\">A\u00f1o<\/th>\n<td>&#8211; 2016 &#8211;<\/td>\n<\/tr>\n<tr>\n<th scope=\"row\">Desplazamiento<\/th>\n<td>&#8211; 1500 &#8211;<\/td>\n<\/tr>\n<tr>\n<th scope=\"row\">Alimentaci\u00f3n<\/th>\n<td>&#8211; 70 &#8211;<\/td>\n<\/tr>\n<tr>\n<th scope=\"row\">kW<\/th>\n<td>&#8211; 70 &#8211;<\/td>\n<\/tr>\n<tr>\n<th scope=\"row\">C\u00f3digo del motor<\/th>\n<td>- A16FDL -<\/td>\n<\/tr>\n<\/tbody>\n<\/table>","protected":false},"excerpt":{"rendered":"<p>Hola, En este Opel Combo no tenemos arranque. En la pantalla no aparece FPS, bloqueo de llave activado y ESP activado. Errores en [...].<\/p>","protected":false},"author":2531,"featured_media":0,"comment_status":"open","ping_status":"closed","sticky":false,"template":"","format":"standard","meta":{"footnotes":""},"categories":[1],"tags":[66],"acf":[],"featured_image_urls":{},"appp_media":null,"views":434,"_links":{"self":[{"href":"https:\/\/www.checkstar-techblog.it\/es\/wp-json\/wp\/v2\/posts\/21297"}],"collection":[{"href":"https:\/\/www.checkstar-techblog.it\/es\/wp-json\/wp\/v2\/posts"}],"about":[{"href":"https:\/\/www.checkstar-techblog.it\/es\/wp-json\/wp\/v2\/types\/post"}],"author":[{"embeddable":true,"href":"https:\/\/www.checkstar-techblog.it\/es\/wp-json\/wp\/v2\/users\/2531"}],"replies":[{"embeddable":true,"href":"https:\/\/www.checkstar-techblog.it\/es\/wp-json\/wp\/v2\/comments?post=21297"}],"version-history":[{"count":0,"href":"https:\/\/www.checkstar-techblog.it\/es\/wp-json\/wp\/v2\/posts\/21297\/revisions"}],"wp:attachment":[{"href":"https:\/\/www.checkstar-techblog.it\/es\/wp-json\/wp\/v2\/media?parent=21297"}],"wp:term":[{"taxonomy":"category","embeddable":true,"href":"https:\/\/www.checkstar-techblog.it\/es\/wp-json\/wp\/v2\/categories?post=21297"},{"taxonomy":"post_tag","embeddable":true,"href":"https:\/\/www.checkstar-techblog.it\/es\/wp-json\/wp\/v2\/tags?post=21297"}],"curies":[{"name":"wp","href":"https:\/\/api.w.org\/{rel}","templated":true}]}}