{"id":17062,"date":"2023-07-13T18:07:08","date_gmt":"2023-07-13T16:07:08","guid":{"rendered":"https:\/\/www.checkstar-techblog.it\/vw-passat-vi-3c5-variant-2006-vw-passat-non-funzionano-le-due-ventole-di-raffreddamento-motore\/"},"modified":"2023-09-22T17:52:38","modified_gmt":"2023-09-22T15:52:38","slug":"vw-passat-vi-3c5-variant-2006-vw-passat-no-funciona-el-motor-de-enfriamiento-de-dos-ventiladores","status":"publish","type":"post","link":"https:\/\/www.checkstar-techblog.it\/es\/vw-passat-vi-3c5-variant-2006-vw-passat-no-funciona-el-motor-de-enfriamiento-de-dos-ventiladores\/","title":{"rendered":"VW Passat Variant 2.0 TDI 16V desde 2006 - Los ventiladores de refrigeraci\u00f3n del motor no funcionan."},"content":{"rendered":"<p>Los dos ventiladores de refrigeraci\u00f3n del motor no funcionan, no se encienden al alcanzar la temperatura de conexi\u00f3n, ni encienden el aire acondicionado. Tampoco funcionan cuando son accionados por el diagn\u00f3stico. El positivo y negativo de alimentaci\u00f3n est\u00e1n presentes en el conector. Me gustar\u00eda saber cuales son las se\u00f1ales el\u00e9ctricas y como est\u00e1n en los otros dos cables el\u00e9ctricos del conector del ventilador. para facilitar la tarea adjunto un esquema con los puntos afectados.<br \/>\nGracias<br \/>\nRoberto<\/p>\n<table class=\"table table-sm loggedtarga\">\n<tbody>\n<tr>\n<th scope=\"row\">Matr\u00edcula<\/th>\n<td>- CT864XD -<\/td>\n<\/tr>\n<tr>\n<th scope=\"row\">Marca<\/th>\n<td>- VW -<\/td>\n<\/tr>\n<tr>\n<th scope=\"row\">Modelo<\/th>\n<td>- PASSAT VI (3C5) VARIANT -<\/td>\n<\/tr>\n<tr>\n<th scope=\"row\">A\u00f1o<\/th>\n<td>&#8211; 2006 &#8211;<\/td>\n<\/tr>\n<tr>\n<th scope=\"row\">Desplazamiento<\/th>\n<td>&#8211; 1900 &#8211;<\/td>\n<\/tr>\n<tr>\n<th scope=\"row\">Alimentaci\u00f3n<\/th>\n<td>- D -<\/td>\n<\/tr>\n<tr>\n<th scope=\"row\">kW<\/th>\n<td>&#8211; 103 &#8211;<\/td>\n<\/tr>\n<tr>\n<th scope=\"row\">C\u00f3digo del motor<\/th>\n<td>- CBAB -<\/td>\n<\/tr>\n<\/tbody>\n<\/table>","protected":false},"excerpt":{"rendered":"<p>Los dos ventiladores de refrigeraci\u00f3n del motor no funcionan, no se encienden al alcanzar la temperatura de conexi\u00f3n ni [...].<\/p>","protected":false},"author":468,"featured_media":0,"comment_status":"open","ping_status":"closed","sticky":false,"template":"","format":"standard","meta":{"footnotes":""},"categories":[2],"tags":[312],"acf":[],"featured_image_urls":{},"appp_media":null,"views":1212,"_links":{"self":[{"href":"https:\/\/www.checkstar-techblog.it\/es\/wp-json\/wp\/v2\/posts\/17062"}],"collection":[{"href":"https:\/\/www.checkstar-techblog.it\/es\/wp-json\/wp\/v2\/posts"}],"about":[{"href":"https:\/\/www.checkstar-techblog.it\/es\/wp-json\/wp\/v2\/types\/post"}],"author":[{"embeddable":true,"href":"https:\/\/www.checkstar-techblog.it\/es\/wp-json\/wp\/v2\/users\/468"}],"replies":[{"embeddable":true,"href":"https:\/\/www.checkstar-techblog.it\/es\/wp-json\/wp\/v2\/comments?post=17062"}],"version-history":[{"count":0,"href":"https:\/\/www.checkstar-techblog.it\/es\/wp-json\/wp\/v2\/posts\/17062\/revisions"}],"wp:attachment":[{"href":"https:\/\/www.checkstar-techblog.it\/es\/wp-json\/wp\/v2\/media?parent=17062"}],"wp:term":[{"taxonomy":"category","embeddable":true,"href":"https:\/\/www.checkstar-techblog.it\/es\/wp-json\/wp\/v2\/categories?post=17062"},{"taxonomy":"post_tag","embeddable":true,"href":"https:\/\/www.checkstar-techblog.it\/es\/wp-json\/wp\/v2\/tags?post=17062"}],"curies":[{"name":"wp","href":"https:\/\/api.w.org\/{rel}","templated":true}]}}